{"id":1191,"date":"2019-10-05T14:09:49","date_gmt":"2019-10-05T12:09:49","guid":{"rendered":"https:\/\/www.hilberkeller.eu\/toerggele-zeit-und-wildwochen-im-hilberkeller\/"},"modified":"2019-10-05T14:22:06","modified_gmt":"2019-10-05T12:22:06","slug":"toerggele-zeit-und-wildwochen-im-hilberkeller","status":"publish","type":"post","link":"https:\/\/www.hilberkeller.eu\/it\/toerggele-zeit-und-wildwochen-im-hilberkeller\/","title":{"rendered":"Tempo del T\u00f6rggelen e settimane della selvaggina al ristorante Hilberkeller"},"content":{"rendered":"<p>T\u00f6rggelen a Caines nei dintorni di Merano<\/p>\n<p>L&#8217;autunno \u00e8 arrivato in Alto Adige e inizia il tempo del <strong>T\u00f6rggelen<\/strong>. Il T\u00f6rggelen \u00e8 sempre stata un&#8217;antica usanza in Alto Adige che gode di grande popolarit\u00e0 tra residenti e ospiti.<\/p>\n<p>Vengono serviti piatti tradizionali come la cosiddetta \u201e<strong>Schlachtplatte<\/strong>\u201c composta di carne di maiale affumicata, salsicce, crauti e canederli. Per dessert vengono servite deliziose castagne arrostite, frittelle dolci \u201e<strong>Krapfen<\/strong>\u201c con ripieni vari e un mosto d`uva dolce, chiamato \u201e<strong>Su\u00dfer<\/strong>\u201c.<\/p>\n<p><a href=\"https:\/\/www.hilberkeller.eu\/wp-content\/uploads\/2018\/07\/hilberkeller-gerichte_Schlachtteller-im-Hilberkeller-in-Kuens-To\u0308rggelen-5.jpg\"><img loading=\"lazy\" decoding=\"async\" class=\"alignnone size-full wp-image-188\" src=\"https:\/\/www.hilberkeller.eu\/wp-content\/uploads\/2018\/07\/hilberkeller-gerichte_Schlachtteller-im-Hilberkeller-in-Kuens-To\u0308rggelen-5.jpg\" alt=\"\" width=\"1030\" height=\"772\" srcset=\"https:\/\/www.hilberkeller.eu\/wp-content\/uploads\/2018\/07\/hilberkeller-gerichte_Schlachtteller-im-Hilberkeller-in-Kuens-To\u0308rggelen-5.jpg 1030w, https:\/\/www.hilberkeller.eu\/wp-content\/uploads\/2018\/07\/hilberkeller-gerichte_Schlachtteller-im-Hilberkeller-in-Kuens-To\u0308rggelen-5-300x225.jpg 300w, https:\/\/www.hilberkeller.eu\/wp-content\/uploads\/2018\/07\/hilberkeller-gerichte_Schlachtteller-im-Hilberkeller-in-Kuens-To\u0308rggelen-5-768x576.jpg 768w, https:\/\/www.hilberkeller.eu\/wp-content\/uploads\/2018\/07\/hilberkeller-gerichte_Schlachtteller-im-Hilberkeller-in-Kuens-To\u0308rggelen-5-705x528.jpg 705w, https:\/\/www.hilberkeller.eu\/wp-content\/uploads\/2018\/07\/hilberkeller-gerichte_Schlachtteller-im-Hilberkeller-in-Kuens-To\u0308rggelen-5-450x337.jpg 450w\" sizes=\"auto, (max-width: 1030px) 100vw, 1030px\" \/><\/a><\/p>\n<p>L`Hilberkeller \u00e8 particolarmente popolare durante il periodo del T\u00f6rggelen. Nell&#8217;accogliente e <strong>storica cantina in pietra<\/strong> gli ospiti possono godersi i piatti del T\u00f6rggelen in un ambiente sereno. Il nostro ristorante pu\u00f2 ospitare fino a <strong>70 persone<\/strong> ed \u00e8 quindi ideale anche per gruppi pi\u00f9 numerosi. \u00c8 disponibile anche un ampio <strong>parcheggio per autobus<\/strong>.<\/p>\n<p><a href=\"https:\/\/www.hilberkeller.eu\/wp-content\/uploads\/2019\/10\/Hilberkeller-Kuens-bei-Meran-44.jpg\"><img loading=\"lazy\" decoding=\"async\" class=\"alignnone size-full wp-image-1187\" src=\"https:\/\/www.hilberkeller.eu\/wp-content\/uploads\/2019\/10\/Hilberkeller-Kuens-bei-Meran-44.jpg\" alt=\"\" width=\"1030\" height=\"684\" srcset=\"https:\/\/www.hilberkeller.eu\/wp-content\/uploads\/2019\/10\/Hilberkeller-Kuens-bei-Meran-44.jpg 1030w, https:\/\/www.hilberkeller.eu\/wp-content\/uploads\/2019\/10\/Hilberkeller-Kuens-bei-Meran-44-300x199.jpg 300w, https:\/\/www.hilberkeller.eu\/wp-content\/uploads\/2019\/10\/Hilberkeller-Kuens-bei-Meran-44-768x510.jpg 768w, https:\/\/www.hilberkeller.eu\/wp-content\/uploads\/2019\/10\/Hilberkeller-Kuens-bei-Meran-44-705x468.jpg 705w\" sizes=\"auto, (max-width: 1030px) 100vw, 1030px\" \/><\/a><\/p>\n<p>Fino al <strong>3 novembre 2019<\/strong> nel nostro giardino panoramico sar\u00e0 anche aperta <strong>la baita \u201eHilber-Stadele<\/strong>\u201c. Offre spazio per circa 40 persone ed \u00e8 quindi ideale per gruppi che desiderano trascorrere una serata in buona compagnia.<\/p>\n<p><a href=\"https:\/\/www.hilberkeller.eu\/wp-content\/uploads\/2018\/10\/T\u00f6rggele-Stadele-im-Restaurant-Hilberkeller-in-Kuens-bei-Meran.jpg\"><img loading=\"lazy\" decoding=\"async\" class=\"alignnone size-full wp-image-835\" src=\"https:\/\/www.hilberkeller.eu\/wp-content\/uploads\/2018\/10\/T\u00f6rggele-Stadele-im-Restaurant-Hilberkeller-in-Kuens-bei-Meran.jpg\" alt=\"\" width=\"1030\" height=\"684\" srcset=\"https:\/\/www.hilberkeller.eu\/wp-content\/uploads\/2018\/10\/T\u00f6rggele-Stadele-im-Restaurant-Hilberkeller-in-Kuens-bei-Meran.jpg 1030w, https:\/\/www.hilberkeller.eu\/wp-content\/uploads\/2018\/10\/T\u00f6rggele-Stadele-im-Restaurant-Hilberkeller-in-Kuens-bei-Meran-300x199.jpg 300w, https:\/\/www.hilberkeller.eu\/wp-content\/uploads\/2018\/10\/T\u00f6rggele-Stadele-im-Restaurant-Hilberkeller-in-Kuens-bei-Meran-768x510.jpg 768w, https:\/\/www.hilberkeller.eu\/wp-content\/uploads\/2018\/10\/T\u00f6rggele-Stadele-im-Restaurant-Hilberkeller-in-Kuens-bei-Meran-705x468.jpg 705w, https:\/\/www.hilberkeller.eu\/wp-content\/uploads\/2018\/10\/T\u00f6rggele-Stadele-im-Restaurant-Hilberkeller-in-Kuens-bei-Meran-450x299.jpg 450w\" sizes=\"auto, (max-width: 1030px) 100vw, 1030px\" \/><\/a><\/p>\n<p>Oltre ai piatti tipici del T\u00f6rggele, offriamo anche numerosi e <strong>deliziosi piatti di selvaggina<\/strong>, come le <strong>pappardelle alla selvaggina<\/strong>, <strong>medaglioni di cervo<\/strong> con salsa al vino rosso su cappuccio rosso e pur\u00e8 di sedano, <strong>gulasch di cervo<\/strong> con cappuccio rosso e gnocchetti all&#8217;uovo.<\/p>\n<p><a href=\"https:\/\/www.hilberkeller.eu\/wp-content\/uploads\/2018\/07\/Gebratene-Speckknoedelscheiben-auf-Blaukraut-dazu-Wildragout-4.jpg\"><img loading=\"lazy\" decoding=\"async\" class=\"alignnone size-full wp-image-586\" src=\"https:\/\/www.hilberkeller.eu\/wp-content\/uploads\/2018\/07\/Gebratene-Speckknoedelscheiben-auf-Blaukraut-dazu-Wildragout-4.jpg\" alt=\"Dove mangiare a Merano e dintorni\" width=\"1030\" height=\"684\" srcset=\"https:\/\/www.hilberkeller.eu\/wp-content\/uploads\/2018\/07\/Gebratene-Speckknoedelscheiben-auf-Blaukraut-dazu-Wildragout-4.jpg 1030w, https:\/\/www.hilberkeller.eu\/wp-content\/uploads\/2018\/07\/Gebratene-Speckknoedelscheiben-auf-Blaukraut-dazu-Wildragout-4-300x199.jpg 300w, https:\/\/www.hilberkeller.eu\/wp-content\/uploads\/2018\/07\/Gebratene-Speckknoedelscheiben-auf-Blaukraut-dazu-Wildragout-4-768x510.jpg 768w, https:\/\/www.hilberkeller.eu\/wp-content\/uploads\/2018\/07\/Gebratene-Speckknoedelscheiben-auf-Blaukraut-dazu-Wildragout-4-705x468.jpg 705w, https:\/\/www.hilberkeller.eu\/wp-content\/uploads\/2018\/07\/Gebratene-Speckknoedelscheiben-auf-Blaukraut-dazu-Wildragout-4-450x299.jpg 450w\" sizes=\"auto, (max-width: 1030px) 100vw, 1030px\" \/><\/a><\/p>\n<p>Date un&#8217;occhiata al nostro men\u00f9: <a href=\"https:\/\/www.hilberkeller.eu\/it\/#prelibatezze-stagionali\" target=\"_blank\" rel=\"noopener noreferrer\">Prelibatezze stagionali<\/a><\/p>\n<p>Vi aspettiamo!<\/p>\n","protected":false},"excerpt":{"rendered":"<p>T\u00f6rggelen a Caines nei dintorni di Merano L&#8217;autunno \u00e8 arrivato in Alto Adige e inizia il tempo del T\u00f6rggelen. Il T\u00f6rggelen \u00e8 sempre stata un&#8217;antica usanza in Alto Adige che gode di grande popolarit\u00e0 tra residenti e ospiti. Vengono serviti piatti tradizionali come la cosiddetta \u201eSchlachtplatte\u201c composta di carne di maiale affumicata, salsicce, crauti e [&hellip;]<\/p>\n","protected":false},"author":2,"featured_media":838,"comment_status":"closed","ping_status":"closed","sticky":false,"template":"","format":"standard","meta":{"footnotes":""},"categories":[2],"tags":[],"class_list":["post-1191","post","type-post","status-publish","format-standard","has-post-thumbnail","hentry","category-aktuelles-it"],"yoast_head":"<!-- This site is optimized with the Yoast SEO plugin v27.5 - https:\/\/yoast.com\/product\/yoast-seo-wordpress\/ -->\n<title>Tempo del T\u00f6rggelen e settimane della selvaggina al ristorante Hilberkeller - Hilberkeller Caines presso Merano Alto Adige<\/title>\n<meta name=\"robots\" content=\"index, follow, max-snippet:-1, max-image-preview:large, max-video-preview:-1\" \/>\n<link rel=\"canonical\" href=\"https:\/\/www.hilberkeller.eu\/it\/toerggele-zeit-und-wildwochen-im-hilberkeller\/\" \/>\n<meta property=\"og:locale\" content=\"it_IT\" \/>\n<meta property=\"og:type\" content=\"article\" \/>\n<meta property=\"og:title\" content=\"Tempo del T\u00f6rggelen e settimane della selvaggina al ristorante Hilberkeller - Hilberkeller Caines presso Merano Alto Adige\" \/>\n<meta property=\"og:description\" content=\"T\u00f6rggelen a Caines nei dintorni di Merano L&#8217;autunno \u00e8 arrivato in Alto Adige e inizia il tempo del T\u00f6rggelen. Il T\u00f6rggelen \u00e8 sempre stata un&#8217;antica usanza in Alto Adige che gode di grande popolarit\u00e0 tra residenti e ospiti. Vengono serviti piatti tradizionali come la cosiddetta \u201eSchlachtplatte\u201c composta di carne di maiale affumicata, salsicce, crauti e [&hellip;]\" \/>\n<meta property=\"og:url\" content=\"https:\/\/www.hilberkeller.eu\/it\/toerggele-zeit-und-wildwochen-im-hilberkeller\/\" \/>\n<meta property=\"og:site_name\" content=\"Hilberkeller Caines presso Merano Alto Adige\" \/>\n<meta property=\"article:publisher\" content=\"https:\/\/www.facebook.com\/restaurant.hilberkeller\" \/>\n<meta property=\"article:published_time\" content=\"2019-10-05T12:09:49+00:00\" \/>\n<meta property=\"article:modified_time\" content=\"2019-10-05T12:22:06+00:00\" \/>\n<meta property=\"og:image\" content=\"https:\/\/www.hilberkeller.eu\/wp-content\/uploads\/2018\/10\/Schlachtplatte-im-Hilberkeller-in-Kuens-bei-Meran.jpg\" \/>\n\t<meta property=\"og:image:width\" content=\"1030\" \/>\n\t<meta property=\"og:image:height\" content=\"773\" \/>\n\t<meta property=\"og:image:type\" content=\"image\/jpeg\" \/>\n<meta name=\"author\" content=\"Andreas Platter\" \/>\n<meta name=\"twitter:card\" content=\"summary_large_image\" \/>\n<meta name=\"twitter:label1\" content=\"Scritto da\" \/>\n\t<meta name=\"twitter:data1\" content=\"Andreas Platter\" \/>\n\t<meta name=\"twitter:label2\" content=\"Tempo di lettura stimato\" \/>\n\t<meta name=\"twitter:data2\" content=\"1 minuto\" \/>\n<script type=\"application\/ld+json\" class=\"yoast-schema-graph\">{\"@context\":\"https:\\\/\\\/schema.org\",\"@graph\":[{\"@type\":\"Article\",\"@id\":\"https:\\\/\\\/www.hilberkeller.eu\\\/it\\\/toerggele-zeit-und-wildwochen-im-hilberkeller\\\/#article\",\"isPartOf\":{\"@id\":\"https:\\\/\\\/www.hilberkeller.eu\\\/it\\\/toerggele-zeit-und-wildwochen-im-hilberkeller\\\/\"},\"author\":{\"name\":\"Andreas Platter\",\"@id\":\"https:\\\/\\\/www.hilberkeller.eu\\\/it\\\/#\\\/schema\\\/person\\\/55366618114ccafdf82e7e64e0e53d38\"},\"headline\":\"Tempo del T\u00f6rggelen e settimane della selvaggina al ristorante Hilberkeller\",\"datePublished\":\"2019-10-05T12:09:49+00:00\",\"dateModified\":\"2019-10-05T12:22:06+00:00\",\"mainEntityOfPage\":{\"@id\":\"https:\\\/\\\/www.hilberkeller.eu\\\/it\\\/toerggele-zeit-und-wildwochen-im-hilberkeller\\\/\"},\"wordCount\":231,\"publisher\":{\"@id\":\"https:\\\/\\\/www.hilberkeller.eu\\\/it\\\/#organization\"},\"image\":{\"@id\":\"https:\\\/\\\/www.hilberkeller.eu\\\/it\\\/toerggele-zeit-und-wildwochen-im-hilberkeller\\\/#primaryimage\"},\"thumbnailUrl\":\"https:\\\/\\\/www.hilberkeller.eu\\\/wp-content\\\/uploads\\\/2018\\\/10\\\/Schlachtplatte-im-Hilberkeller-in-Kuens-bei-Meran.jpg\",\"articleSection\":[\"News\"],\"inLanguage\":\"it-IT\"},{\"@type\":\"WebPage\",\"@id\":\"https:\\\/\\\/www.hilberkeller.eu\\\/it\\\/toerggele-zeit-und-wildwochen-im-hilberkeller\\\/\",\"url\":\"https:\\\/\\\/www.hilberkeller.eu\\\/it\\\/toerggele-zeit-und-wildwochen-im-hilberkeller\\\/\",\"name\":\"Tempo del T\u00f6rggelen e settimane della selvaggina al ristorante Hilberkeller - Hilberkeller Caines presso Merano Alto Adige\",\"isPartOf\":{\"@id\":\"https:\\\/\\\/www.hilberkeller.eu\\\/it\\\/#website\"},\"primaryImageOfPage\":{\"@id\":\"https:\\\/\\\/www.hilberkeller.eu\\\/it\\\/toerggele-zeit-und-wildwochen-im-hilberkeller\\\/#primaryimage\"},\"image\":{\"@id\":\"https:\\\/\\\/www.hilberkeller.eu\\\/it\\\/toerggele-zeit-und-wildwochen-im-hilberkeller\\\/#primaryimage\"},\"thumbnailUrl\":\"https:\\\/\\\/www.hilberkeller.eu\\\/wp-content\\\/uploads\\\/2018\\\/10\\\/Schlachtplatte-im-Hilberkeller-in-Kuens-bei-Meran.jpg\",\"datePublished\":\"2019-10-05T12:09:49+00:00\",\"dateModified\":\"2019-10-05T12:22:06+00:00\",\"breadcrumb\":{\"@id\":\"https:\\\/\\\/www.hilberkeller.eu\\\/it\\\/toerggele-zeit-und-wildwochen-im-hilberkeller\\\/#breadcrumb\"},\"inLanguage\":\"it-IT\",\"potentialAction\":[{\"@type\":\"ReadAction\",\"target\":[\"https:\\\/\\\/www.hilberkeller.eu\\\/it\\\/toerggele-zeit-und-wildwochen-im-hilberkeller\\\/\"]}]},{\"@type\":\"ImageObject\",\"inLanguage\":\"it-IT\",\"@id\":\"https:\\\/\\\/www.hilberkeller.eu\\\/it\\\/toerggele-zeit-und-wildwochen-im-hilberkeller\\\/#primaryimage\",\"url\":\"https:\\\/\\\/www.hilberkeller.eu\\\/wp-content\\\/uploads\\\/2018\\\/10\\\/Schlachtplatte-im-Hilberkeller-in-Kuens-bei-Meran.jpg\",\"contentUrl\":\"https:\\\/\\\/www.hilberkeller.eu\\\/wp-content\\\/uploads\\\/2018\\\/10\\\/Schlachtplatte-im-Hilberkeller-in-Kuens-bei-Meran.jpg\",\"width\":1030,\"height\":773,\"caption\":\"T\u00f6rggelen in S\u00fcdtirol\"},{\"@type\":\"BreadcrumbList\",\"@id\":\"https:\\\/\\\/www.hilberkeller.eu\\\/it\\\/toerggele-zeit-und-wildwochen-im-hilberkeller\\\/#breadcrumb\",\"itemListElement\":[{\"@type\":\"ListItem\",\"position\":1,\"name\":\"Startseite\",\"item\":\"https:\\\/\\\/www.hilberkeller.eu\\\/it\\\/ristorante-a-caines-presso-merano-con-giardino-panoramico\\\/\"},{\"@type\":\"ListItem\",\"position\":2,\"name\":\"Tempo del T\u00f6rggelen e settimane della selvaggina al ristorante Hilberkeller\"}]},{\"@type\":\"WebSite\",\"@id\":\"https:\\\/\\\/www.hilberkeller.eu\\\/it\\\/#website\",\"url\":\"https:\\\/\\\/www.hilberkeller.eu\\\/it\\\/\",\"name\":\"Hilberkeller Caines presso Merano Alto Adige\",\"description\":\"Delizie culinarie altoatesine in un ambiente storico\",\"publisher\":{\"@id\":\"https:\\\/\\\/www.hilberkeller.eu\\\/it\\\/#organization\"},\"potentialAction\":[{\"@type\":\"SearchAction\",\"target\":{\"@type\":\"EntryPoint\",\"urlTemplate\":\"https:\\\/\\\/www.hilberkeller.eu\\\/it\\\/?s={search_term_string}\"},\"query-input\":{\"@type\":\"PropertyValueSpecification\",\"valueRequired\":true,\"valueName\":\"search_term_string\"}}],\"inLanguage\":\"it-IT\"},{\"@type\":\"Organization\",\"@id\":\"https:\\\/\\\/www.hilberkeller.eu\\\/it\\\/#organization\",\"name\":\"Hilberkeller\",\"url\":\"https:\\\/\\\/www.hilberkeller.eu\\\/it\\\/\",\"logo\":{\"@type\":\"ImageObject\",\"inLanguage\":\"it-IT\",\"@id\":\"https:\\\/\\\/www.hilberkeller.eu\\\/it\\\/#\\\/schema\\\/logo\\\/image\\\/\",\"url\":\"https:\\\/\\\/www.hilberkeller.eu\\\/wp-content\\\/uploads\\\/2018\\\/07\\\/hilberkeller_logo-home.png\",\"contentUrl\":\"https:\\\/\\\/www.hilberkeller.eu\\\/wp-content\\\/uploads\\\/2018\\\/07\\\/hilberkeller_logo-home.png\",\"width\":340,\"height\":156,\"caption\":\"Hilberkeller\"},\"image\":{\"@id\":\"https:\\\/\\\/www.hilberkeller.eu\\\/it\\\/#\\\/schema\\\/logo\\\/image\\\/\"},\"sameAs\":[\"https:\\\/\\\/www.facebook.com\\\/restaurant.hilberkeller\",\"https:\\\/\\\/www.instagram.com\\\/restaurant_hilberkeller\\\/\"]},{\"@type\":\"Person\",\"@id\":\"https:\\\/\\\/www.hilberkeller.eu\\\/it\\\/#\\\/schema\\\/person\\\/55366618114ccafdf82e7e64e0e53d38\",\"name\":\"Andreas Platter\",\"image\":{\"@type\":\"ImageObject\",\"inLanguage\":\"it-IT\",\"@id\":\"https:\\\/\\\/secure.gravatar.com\\\/avatar\\\/1150533a8a8f2bb9e9d51de8a273dd0b489aeee4d36bdee4f58b2e45fb3779d3?s=96&d=mm&r=g\",\"url\":\"https:\\\/\\\/secure.gravatar.com\\\/avatar\\\/1150533a8a8f2bb9e9d51de8a273dd0b489aeee4d36bdee4f58b2e45fb3779d3?s=96&d=mm&r=g\",\"contentUrl\":\"https:\\\/\\\/secure.gravatar.com\\\/avatar\\\/1150533a8a8f2bb9e9d51de8a273dd0b489aeee4d36bdee4f58b2e45fb3779d3?s=96&d=mm&r=g\",\"caption\":\"Andreas Platter\"},\"sameAs\":[\"https:\\\/\\\/www.hilberkeller.eu\"]}]}<\/script>\n<!-- \/ Yoast SEO plugin. -->","yoast_head_json":{"title":"Tempo del T\u00f6rggelen e settimane della selvaggina al ristorante Hilberkeller - Hilberkeller Caines presso Merano Alto Adige","robots":{"index":"index","follow":"follow","max-snippet":"max-snippet:-1","max-image-preview":"max-image-preview:large","max-video-preview":"max-video-preview:-1"},"canonical":"https:\/\/www.hilberkeller.eu\/it\/toerggele-zeit-und-wildwochen-im-hilberkeller\/","og_locale":"it_IT","og_type":"article","og_title":"Tempo del T\u00f6rggelen e settimane della selvaggina al ristorante Hilberkeller - Hilberkeller Caines presso Merano Alto Adige","og_description":"T\u00f6rggelen a Caines nei dintorni di Merano L&#8217;autunno \u00e8 arrivato in Alto Adige e inizia il tempo del T\u00f6rggelen. Il T\u00f6rggelen \u00e8 sempre stata un&#8217;antica usanza in Alto Adige che gode di grande popolarit\u00e0 tra residenti e ospiti. Vengono serviti piatti tradizionali come la cosiddetta \u201eSchlachtplatte\u201c composta di carne di maiale affumicata, salsicce, crauti e [&hellip;]","og_url":"https:\/\/www.hilberkeller.eu\/it\/toerggele-zeit-und-wildwochen-im-hilberkeller\/","og_site_name":"Hilberkeller Caines presso Merano Alto Adige","article_publisher":"https:\/\/www.facebook.com\/restaurant.hilberkeller","article_published_time":"2019-10-05T12:09:49+00:00","article_modified_time":"2019-10-05T12:22:06+00:00","og_image":[{"width":1030,"height":773,"url":"https:\/\/www.hilberkeller.eu\/wp-content\/uploads\/2018\/10\/Schlachtplatte-im-Hilberkeller-in-Kuens-bei-Meran.jpg","type":"image\/jpeg"}],"author":"Andreas Platter","twitter_card":"summary_large_image","twitter_misc":{"Scritto da":"Andreas Platter","Tempo di lettura stimato":"1 minuto"},"schema":{"@context":"https:\/\/schema.org","@graph":[{"@type":"Article","@id":"https:\/\/www.hilberkeller.eu\/it\/toerggele-zeit-und-wildwochen-im-hilberkeller\/#article","isPartOf":{"@id":"https:\/\/www.hilberkeller.eu\/it\/toerggele-zeit-und-wildwochen-im-hilberkeller\/"},"author":{"name":"Andreas Platter","@id":"https:\/\/www.hilberkeller.eu\/it\/#\/schema\/person\/55366618114ccafdf82e7e64e0e53d38"},"headline":"Tempo del T\u00f6rggelen e settimane della selvaggina al ristorante Hilberkeller","datePublished":"2019-10-05T12:09:49+00:00","dateModified":"2019-10-05T12:22:06+00:00","mainEntityOfPage":{"@id":"https:\/\/www.hilberkeller.eu\/it\/toerggele-zeit-und-wildwochen-im-hilberkeller\/"},"wordCount":231,"publisher":{"@id":"https:\/\/www.hilberkeller.eu\/it\/#organization"},"image":{"@id":"https:\/\/www.hilberkeller.eu\/it\/toerggele-zeit-und-wildwochen-im-hilberkeller\/#primaryimage"},"thumbnailUrl":"https:\/\/www.hilberkeller.eu\/wp-content\/uploads\/2018\/10\/Schlachtplatte-im-Hilberkeller-in-Kuens-bei-Meran.jpg","articleSection":["News"],"inLanguage":"it-IT"},{"@type":"WebPage","@id":"https:\/\/www.hilberkeller.eu\/it\/toerggele-zeit-und-wildwochen-im-hilberkeller\/","url":"https:\/\/www.hilberkeller.eu\/it\/toerggele-zeit-und-wildwochen-im-hilberkeller\/","name":"Tempo del T\u00f6rggelen e settimane della selvaggina al ristorante Hilberkeller - Hilberkeller Caines presso Merano Alto Adige","isPartOf":{"@id":"https:\/\/www.hilberkeller.eu\/it\/#website"},"primaryImageOfPage":{"@id":"https:\/\/www.hilberkeller.eu\/it\/toerggele-zeit-und-wildwochen-im-hilberkeller\/#primaryimage"},"image":{"@id":"https:\/\/www.hilberkeller.eu\/it\/toerggele-zeit-und-wildwochen-im-hilberkeller\/#primaryimage"},"thumbnailUrl":"https:\/\/www.hilberkeller.eu\/wp-content\/uploads\/2018\/10\/Schlachtplatte-im-Hilberkeller-in-Kuens-bei-Meran.jpg","datePublished":"2019-10-05T12:09:49+00:00","dateModified":"2019-10-05T12:22:06+00:00","breadcrumb":{"@id":"https:\/\/www.hilberkeller.eu\/it\/toerggele-zeit-und-wildwochen-im-hilberkeller\/#breadcrumb"},"inLanguage":"it-IT","potentialAction":[{"@type":"ReadAction","target":["https:\/\/www.hilberkeller.eu\/it\/toerggele-zeit-und-wildwochen-im-hilberkeller\/"]}]},{"@type":"ImageObject","inLanguage":"it-IT","@id":"https:\/\/www.hilberkeller.eu\/it\/toerggele-zeit-und-wildwochen-im-hilberkeller\/#primaryimage","url":"https:\/\/www.hilberkeller.eu\/wp-content\/uploads\/2018\/10\/Schlachtplatte-im-Hilberkeller-in-Kuens-bei-Meran.jpg","contentUrl":"https:\/\/www.hilberkeller.eu\/wp-content\/uploads\/2018\/10\/Schlachtplatte-im-Hilberkeller-in-Kuens-bei-Meran.jpg","width":1030,"height":773,"caption":"T\u00f6rggelen in S\u00fcdtirol"},{"@type":"BreadcrumbList","@id":"https:\/\/www.hilberkeller.eu\/it\/toerggele-zeit-und-wildwochen-im-hilberkeller\/#breadcrumb","itemListElement":[{"@type":"ListItem","position":1,"name":"Startseite","item":"https:\/\/www.hilberkeller.eu\/it\/ristorante-a-caines-presso-merano-con-giardino-panoramico\/"},{"@type":"ListItem","position":2,"name":"Tempo del T\u00f6rggelen e settimane della selvaggina al ristorante Hilberkeller"}]},{"@type":"WebSite","@id":"https:\/\/www.hilberkeller.eu\/it\/#website","url":"https:\/\/www.hilberkeller.eu\/it\/","name":"Hilberkeller Caines presso Merano Alto Adige","description":"Delizie culinarie altoatesine in un ambiente storico","publisher":{"@id":"https:\/\/www.hilberkeller.eu\/it\/#organization"},"potentialAction":[{"@type":"SearchAction","target":{"@type":"EntryPoint","urlTemplate":"https:\/\/www.hilberkeller.eu\/it\/?s={search_term_string}"},"query-input":{"@type":"PropertyValueSpecification","valueRequired":true,"valueName":"search_term_string"}}],"inLanguage":"it-IT"},{"@type":"Organization","@id":"https:\/\/www.hilberkeller.eu\/it\/#organization","name":"Hilberkeller","url":"https:\/\/www.hilberkeller.eu\/it\/","logo":{"@type":"ImageObject","inLanguage":"it-IT","@id":"https:\/\/www.hilberkeller.eu\/it\/#\/schema\/logo\/image\/","url":"https:\/\/www.hilberkeller.eu\/wp-content\/uploads\/2018\/07\/hilberkeller_logo-home.png","contentUrl":"https:\/\/www.hilberkeller.eu\/wp-content\/uploads\/2018\/07\/hilberkeller_logo-home.png","width":340,"height":156,"caption":"Hilberkeller"},"image":{"@id":"https:\/\/www.hilberkeller.eu\/it\/#\/schema\/logo\/image\/"},"sameAs":["https:\/\/www.facebook.com\/restaurant.hilberkeller","https:\/\/www.instagram.com\/restaurant_hilberkeller\/"]},{"@type":"Person","@id":"https:\/\/www.hilberkeller.eu\/it\/#\/schema\/person\/55366618114ccafdf82e7e64e0e53d38","name":"Andreas Platter","image":{"@type":"ImageObject","inLanguage":"it-IT","@id":"https:\/\/secure.gravatar.com\/avatar\/1150533a8a8f2bb9e9d51de8a273dd0b489aeee4d36bdee4f58b2e45fb3779d3?s=96&d=mm&r=g","url":"https:\/\/secure.gravatar.com\/avatar\/1150533a8a8f2bb9e9d51de8a273dd0b489aeee4d36bdee4f58b2e45fb3779d3?s=96&d=mm&r=g","contentUrl":"https:\/\/secure.gravatar.com\/avatar\/1150533a8a8f2bb9e9d51de8a273dd0b489aeee4d36bdee4f58b2e45fb3779d3?s=96&d=mm&r=g","caption":"Andreas Platter"},"sameAs":["https:\/\/www.hilberkeller.eu"]}]}},"_links":{"self":[{"href":"https:\/\/www.hilberkeller.eu\/it\/wp-json\/wp\/v2\/posts\/1191","targetHints":{"allow":["GET"]}}],"collection":[{"href":"https:\/\/www.hilberkeller.eu\/it\/wp-json\/wp\/v2\/posts"}],"about":[{"href":"https:\/\/www.hilberkeller.eu\/it\/wp-json\/wp\/v2\/types\/post"}],"author":[{"embeddable":true,"href":"https:\/\/www.hilberkeller.eu\/it\/wp-json\/wp\/v2\/users\/2"}],"replies":[{"embeddable":true,"href":"https:\/\/www.hilberkeller.eu\/it\/wp-json\/wp\/v2\/comments?post=1191"}],"version-history":[{"count":0,"href":"https:\/\/www.hilberkeller.eu\/it\/wp-json\/wp\/v2\/posts\/1191\/revisions"}],"wp:featuredmedia":[{"embeddable":true,"href":"https:\/\/www.hilberkeller.eu\/it\/wp-json\/wp\/v2\/media\/838"}],"wp:attachment":[{"href":"https:\/\/www.hilberkeller.eu\/it\/wp-json\/wp\/v2\/media?parent=1191"}],"wp:term":[{"taxonomy":"category","embeddable":true,"href":"https:\/\/www.hilberkeller.eu\/it\/wp-json\/wp\/v2\/categories?post=1191"},{"taxonomy":"post_tag","embeddable":true,"href":"https:\/\/www.hilberkeller.eu\/it\/wp-json\/wp\/v2\/tags?post=1191"}],"curies":[{"name":"wp","href":"https:\/\/api.w.org\/{rel}","templated":true}]}}